{"id":4453,"date":"2024-02-03T13:33:59","date_gmt":"2024-02-03T13:33:59","guid":{"rendered":"https:\/\/liviopastorino.com\/?p=4453"},"modified":"2024-02-26T13:54:33","modified_gmt":"2024-02-26T13:54:33","slug":"tacna-region-pisquera","status":"publish","type":"post","link":"https:\/\/liviopastorino.com\/en\/tacna-region-pisquera\/","title":{"rendered":"Tacna: Pisco Region"},"content":{"rendered":"<div data-elementor-type=\"wp-post\" data-elementor-id=\"4453\" class=\"elementor elementor-4453\">\n\t\t\t\t\t\t<section class=\"elementor-section elementor-top-section elementor-element elementor-element-6b99a2ab elementor-section-height-min-height elementor-section-items-bottom elementor-section-content-bottom elementor-section-boxed elementor-section-height-default\" data-id=\"6b99a2ab\" data-element_type=\"section\" data-e-type=\"section\" data-settings=\"{&quot;background_background&quot;:&quot;classic&quot;}\">\n\t\t\t\t\t\t<div class=\"elementor-container elementor-column-gap-default\">\n\t\t\t\t\t<div class=\"elementor-column elementor-col-100 elementor-top-column elementor-element elementor-element-73691448\" data-id=\"73691448\" data-element_type=\"column\" data-e-type=\"column\">\n\t\t\t<div class=\"elementor-widget-wrap\">\n\t\t\t\t\t\t\t<\/div>\n\t\t<\/div>\n\t\t\t\t\t<\/div>\n\t\t<\/section>\n\t\t\t\t<section class=\"elementor-section elementor-top-section elementor-element elementor-element-3e030cb elementor-section-boxed elementor-section-height-default elementor-section-height-default\" data-id=\"3e030cb\" data-element_type=\"section\" data-e-type=\"section\">\n\t\t\t\t\t\t<div class=\"elementor-container elementor-column-gap-default\">\n\t\t\t\t\t<div class=\"elementor-column elementor-col-50 elementor-top-column elementor-element elementor-element-732e7720\" data-id=\"732e7720\" data-element_type=\"column\" data-e-type=\"column\">\n\t\t\t<div class=\"elementor-widget-wrap elementor-element-populated\">\n\t\t\t\t\t\t<div class=\"elementor-element elementor-element-15157b41 line-desing-title elementor-widget elementor-widget-heading\" data-id=\"15157b41\" data-element_type=\"widget\" data-e-type=\"widget\" data-widget_type=\"heading.default\">\n\t\t\t\t\t<h2 class=\"elementor-heading-title elementor-size-default\">Tacna: Pisco Region<\/h2>\t\t\t\t<\/div>\n\t\t\t\t<div class=\"elementor-element elementor-element-23db8a76 elementor-widget elementor-widget-text-editor\" data-id=\"23db8a76\" data-element_type=\"widget\" data-e-type=\"widget\" data-widget_type=\"text-editor.default\">\n\t\t\t\t\t\t\t\t\t<p><a href=\"https:\/\/cocktail.pe\/\">Cocktail Magazine<\/a> edition No. 61 grateful for the opportunity.<\/p>\t\t\t\t\t\t\t\t<\/div>\n\t\t\t\t<section class=\"elementor-section elementor-inner-section elementor-element elementor-element-3597fe5e elementor-section-full_width elementor-section-content-middle elementor-section-height-default elementor-section-height-default\" data-id=\"3597fe5e\" data-element_type=\"section\" data-e-type=\"section\">\n\t\t\t\t\t\t<div class=\"elementor-container elementor-column-gap-default\">\n\t\t\t\t\t<div class=\"elementor-column elementor-col-66 elementor-inner-column elementor-element elementor-element-4ba7d4d4\" data-id=\"4ba7d4d4\" data-element_type=\"column\" data-e-type=\"column\">\n\t\t\t<div class=\"elementor-widget-wrap elementor-element-populated\">\n\t\t\t\t\t\t<div class=\"elementor-element elementor-element-69fbac4f elementor-widget elementor-widget-text-editor\" data-id=\"69fbac4f\" data-element_type=\"widget\" data-e-type=\"widget\" data-widget_type=\"text-editor.default\">\n\t\t\t\t\t\t\t\t\t<p>A while ago, I met a reader of my pisco newsletter, from Arica, Chile, who always joked around. \"Pisco is not from Peru,\" he would say, followed by a laugh. Then he would apologize and tell the affection he had for Tacna. He traveled every week for work and always buy a bottle of pisco. \"Seriously, it's much better,\" he added. And that would end the conversation. There is no doubt that Chileans appreciate pisco. Remember until recently, Chile was considered one of our largest export markets, even though it did not enter as \"pisco,\" but as \"destilado de quebranta.\" Today, it's the third-largest market. No Chilean spirits enters Peru. It's prohibited.<\/p>\t\t\t\t\t\t\t\t<\/div>\n\t\t\t\t<div class=\"elementor-element elementor-element-59a450cd elementor-widget elementor-widget-text-editor\" data-id=\"59a450cd\" data-element_type=\"widget\" data-e-type=\"widget\" data-widget_type=\"text-editor.default\">\n\t\t\t\t\t\t\t\t\t<p>Within the Pisco Appelation of Origin three valleys are considered in the pisco region of Tacna: Locumba, Sama, and Caplina. Something similar occurs in the Lima region with the pisco variety Uvina, only circumscribed to the districts of Lunahuan\u00e1, Z\u00fa\u00f1iga, &amp; Pacar\u00e1n. They are small areas with A.O. Pisco, a strength that must be capitalized on. Tacna has more than 400 hectares of pisco grapes, mainly of the Italia &amp; Negra Criolla varieties. Locumba extends along the river of the same name, from the coast to 1100 meters above sea level. Sama reaches 600 m.a.s.l. and the Caplina or Capallina valley, which in Aymara means \"river that does not reach the sea,\" goes from the coast to 1300 m.a.s.l. and contributes 70% of the pisco grape vineyards in the region.\n\n\nBefore continuing, it is interesting to note that in Ica, to make pisco or wine, the familiar clay jars (botijas), called piscos or piskos were used in the past. However, from Arequipa southward, where wine production prevailed, 1000-liter or larger wine clay jars called \"tinajas or tinajones\" are currently used.<\/p>\t\t\t\t\t\t\t\t<\/div>\n\t\t\t\t\t<\/div>\n\t\t<\/div>\n\t\t\t\t<div class=\"elementor-column elementor-col-33 elementor-inner-column elementor-element elementor-element-660dd44 minh-450\" data-id=\"660dd44\" data-element_type=\"column\" data-e-type=\"column\" data-settings=\"{&quot;background_background&quot;:&quot;classic&quot;}\">\n\t\t\t<div class=\"elementor-widget-wrap\">\n\t\t\t\t\t\t\t<\/div>\n\t\t<\/div>\n\t\t\t\t\t<\/div>\n\t\t<\/section>\n\t\t\t\t<div class=\"elementor-element elementor-element-2687e5d9 elementor-widget elementor-widget-text-editor\" data-id=\"2687e5d9\" data-element_type=\"widget\" data-e-type=\"widget\" data-widget_type=\"text-editor.default\">\n\t\t\t\t\t\t\t\t\t<p>In the arid coastal valleys of Tacna, the climate is subtropical with moderate temperatures and no regular rainfall. In the high areas, temperatures rise, with less humidity and more sunlight. Many riverbeds or gullies remain dry for much of the year. We call them seasonal rivers. Generally, the soils in the riverbed are rocky, with silt and clay. Like in all pisco regions, pisco production in Tacna suffered setbacks due to the pandemic. \n\nNowadays, it's in full recovery with a production of over 50,000 liters per year. In my opinion, their Italia variety is the best, without disregarding the Negras Criollas. Everyone has their own taste. Try a Tacna Mosto Verde (Green Must), Italia. It is clean in aroma, fresh, elegant, velvety, silky, unctuous, with hints of flowers, jasmine, tropical fruits, melon, lime peel, and passion fruit. Another product I recommend is apricot liqueur \"Licor de Damasco\", (apricot fruit preserved in syrup &amp; macerated in pisco). It's a delight, I'm one of many enthusiasts of this drink Tacna offers.<\/p>\t\t\t\t\t\t\t\t<\/div>\n\t\t\t\t<div class=\"elementor-element elementor-element-24775ac5 elementor-widget elementor-widget-text-editor\" data-id=\"24775ac5\" data-element_type=\"widget\" data-e-type=\"widget\" data-widget_type=\"text-editor.default\">\n\t\t\t\t\t\t\t\t\t<p>Currently, We are waiting for the Pisco Appelation of Origin Regulatory Council to be reactivated. Our Cultural Heritage needs it. The best is yet to come! Cheers! Always with responsibly. <br \/>Tertulias pisqueras: <a href=\"https:\/\/enelpaisdelpisco.blogspot.com\/2022\/08\/tertulias-pisqueras-la-colecta-de-los.html\">The collection of the \"Tacne\u00f1os\"\u00a0<\/a><\/p>\t\t\t\t\t\t\t\t<\/div>\n\t\t\t\t<div class=\"elementor-element elementor-element-5a9a1b3e elementor-widget elementor-widget-text-editor\" data-id=\"5a9a1b3e\" data-element_type=\"widget\" data-e-type=\"widget\" data-widget_type=\"text-editor.default\">\n\t\t\t\t\t\t\t\t\t<p>The best is yet to come! Cheers! Always with responsibility. <\/p>\t\t\t\t\t\t\t\t<\/div>\n\t\t\t\t<div class=\"elementor-element elementor-element-7c131230 elementor-widget elementor-widget-text-editor\" data-id=\"7c131230\" data-element_type=\"widget\" data-e-type=\"widget\" data-widget_type=\"text-editor.default\">\n\t\t\t\t\t\t\t\t\tTil next time!\t\t\t\t\t\t\t\t<\/div>\n\t\t\t\t<div class=\"elementor-element elementor-element-26ef1cd4 elementor-widget elementor-widget-text-editor\" data-id=\"26ef1cd4\" data-element_type=\"widget\" data-e-type=\"widget\" data-widget_type=\"text-editor.default\">\n\t\t\t\t\t\t\t\t\t<p class=\"translation-block\">By Livio Pastorino Wagner\nSommelier, Specialist, and Pisco Taster\nRegistration: CRDO-PISCO 2020 RCO-034-2011\n<br><a href=\"https:\/\/www.instagram.com\/elmagozurdo\/\" target=\"_blank\" rel=\"noopener\">@elmagozurdo<\/a><br><br><\/p><p class=\"translation-block\"><a href=\"https:\/\/cocktail.pe\/category\/columnistas\/\" target=\"_blank\" rel=\"noopener\"> Cocktail magazine<\/a> No 61, february 06, 2023<\/p><p>\u00a0<\/p><p class=\"translation-block\">Cocktail magazine (spanish) in<a href=\"https:\/\/issuu.com\/revistacocktailperu\/docs\/revista_cocktail_edicion_54 \"> issuu<\/a><\/p><p>\u00a0<\/p><p>Pisco &amp; music<\/p><p><iframe title=\"Ry Cooder - The Prodigal Son (Live in studio)\" width=\"800\" height=\"450\" src=\"https:\/\/www.youtube.com\/embed\/HEUIZWyieAk?feature=oembed\" frameborder=\"0\" allow=\"accelerometer; autoplay; clipboard-write; encrypted-media; gyroscope; picture-in-picture; web-share\" allowfullscreen><\/iframe><\/p><p>\u00a0<\/p><p>February 2023.<\/p><p>\u00a0<\/p><p><em>Where pisco is the only protagonist!<\/em><br \/><em>#piscosour #winelover #pasionporlacata #bar #elpiscoesdelperu #vino #vinosdelperu #pisco #piscolover #Lima #Arequipa #Ica #Moquegua #Tacna #Peru <\/em><\/p><p><em>All rights reserved. Total or partial reproduction is authorized as long as proper credit is given to the author and active links to the source are provided.\" <\/em><\/p><p>\u00a0<\/p>\t\t\t\t\t\t\t\t<\/div>\n\t\t\t\t\t<\/div>\n\t\t<\/div>\n\t\t\t\t<div class=\"elementor-column elementor-col-50 elementor-top-column elementor-element elementor-element-237d056d\" data-id=\"237d056d\" data-element_type=\"column\" data-e-type=\"column\">\n\t\t\t<div class=\"elementor-widget-wrap elementor-element-populated\">\n\t\t\t\t\t\t<section class=\"elementor-section elementor-inner-section elementor-element elementor-element-13eedf68 elementor-section-full_width elementor-section-height-default elementor-section-height-default\" data-id=\"13eedf68\" data-element_type=\"section\" data-e-type=\"section\">\n\t\t\t\t\t\t<div class=\"elementor-container elementor-column-gap-default\">\n\t\t\t\t\t<div class=\"elementor-column elementor-col-100 elementor-inner-column elementor-element elementor-element-3f08d110\" data-id=\"3f08d110\" data-element_type=\"column\" data-e-type=\"column\" data-settings=\"{&quot;background_background&quot;:&quot;classic&quot;}\">\n\t\t\t<div class=\"elementor-widget-wrap elementor-element-populated\">\n\t\t\t\t\t\t<div class=\"elementor-element elementor-element-5c82e62f elementor-widget elementor-widget-wp-widget-recent-posts\" data-id=\"5c82e62f\" data-element_type=\"widget\" data-e-type=\"widget\" data-widget_type=\"wp-widget-recent-posts.default\">\n\t\t\t\t<div class=\"elementor-widget-container\">\n\t\t\t\t\t\n\t\t\n\t\t<h5>Recent Posts<\/h5>\n\t\t<ul>\n\t\t\t\t\t\t\t\t\t\t\t<li>\n\t\t\t\t\t<a href=\"https:\/\/liviopastorino.com\/en\/me-preguntaron-si-estaba-en-tu-lista-y-la-nueva-forma-de-calificar-el-pisco-que-todos-deben-conocer-mentor-7755\/\">\u201cThey Asked Me If It Was on Your List\u2026\u201d and the New Way to Score Pisco That Everyone Should Know<\/a>\n\t\t\t\t\t\t\t\t\t<\/li>\n\t\t\t\t\t\t\t\t\t\t\t<li>\n\t\t\t\t\t<a href=\"https:\/\/liviopastorino.com\/en\/de-la-duda-a-la-gran-medalla-de-oro\/\">From Doubt to the Great Gold Medal<\/a>\n\t\t\t\t\t\t\t\t\t<\/li>\n\t\t\t\t\t\t\t\t\t\t\t<li>\n\t\t\t\t\t<a href=\"https:\/\/liviopastorino.com\/en\/uvina-la-uva-del-valle-que-no-se-repite\/\">Uvina: The grape from the valley that cannot be replicated\u201c<\/a>\n\t\t\t\t\t\t\t\t\t<\/li>\n\t\t\t\t\t\t\t\t\t\t\t<li>\n\t\t\t\t\t<a href=\"https:\/\/liviopastorino.com\/en\/negra-criolla-cuando-lo-simple-se-convierte-en-excelencia\/\">Negra Criolla: when the \u201csimple\u201d becomes excellence<\/a>\n\t\t\t\t\t\t\t\t\t<\/li>\n\t\t\t\t\t\t\t\t\t\t\t<li>\n\t\t\t\t\t<a href=\"https:\/\/liviopastorino.com\/en\/entre-la-experiencia-y-el-desafio\/\">Between Experience and Challenge<\/a>\n\t\t\t\t\t\t\t\t\t<\/li>\n\t\t\t\t\t\t\t\t\t\t\t<li>\n\t\t\t\t\t<a href=\"https:\/\/liviopastorino.com\/en\/un-pisco-que-habla-en-voz-baja\/\">A Whispering Pisco<\/a>\n\t\t\t\t\t\t\t\t\t<\/li>\n\t\t\t\t\t\t\t\t\t\t\t<li>\n\t\t\t\t\t<a href=\"https:\/\/liviopastorino.com\/en\/aromas-del-tiempo-moscatel-e-italia\/\">\"Aromas of Time: Moscatel and Italia\"<\/a>\n\t\t\t\t\t\t\t\t\t<\/li>\n\t\t\t\t\t\t\t\t\t\t\t<li>\n\t\t\t\t\t<a href=\"https:\/\/liviopastorino.com\/en\/el-arte-de-catar-pasion-practica-y-diversidad\/\">The Art of Tasting: Passion, Practice, and Diversity<\/a>\n\t\t\t\t\t\t\t\t\t<\/li>\n\t\t\t\t\t\t\t\t\t\t\t<li>\n\t\t\t\t\t<a href=\"https:\/\/liviopastorino.com\/en\/cata-de-pisco-entre-el-placer-y-la-precision\/\">\"Pisco Tasting: Between Pleasure and Precision\"<\/a>\n\t\t\t\t\t\t\t\t\t<\/li>\n\t\t\t\t\t\t\t\t\t\t\t<li>\n\t\t\t\t\t<a href=\"https:\/\/liviopastorino.com\/en\/la-elegancia-invisible-de-la-albilla\/\">The Invisible Elegance of Albilla<\/a>\n\t\t\t\t\t\t\t\t\t<\/li>\n\t\t\t\t\t<\/ul>\n\n\t\t\t\t\t\t<\/div>\n\t\t\t\t<\/div>\n\t\t\t\t<div class=\"elementor-element elementor-element-8e745db elementor-position-inline-start elementor-mobile-position-inline-start icon-link elementor-view-default elementor-widget elementor-widget-icon-box\" data-id=\"8e745db\" data-element_type=\"widget\" data-e-type=\"widget\" data-widget_type=\"icon-box.default\">\n\t\t\t\t\t\t\t<div class=\"elementor-icon-box-wrapper\">\n\n\t\t\t\t\t\t<div class=\"elementor-icon-box-icon\">\n\t\t\t\t<a href=\"\/en\/blog\/\" class=\"elementor-icon\" tabindex=\"-1\" aria-label=\"All articles\">\n\t\t\t\t<svg aria-hidden=\"true\" class=\"e-font-icon-svg e-fas-angle-left\" viewbox=\"0 0 256 512\" xmlns=\"http:\/\/www.w3.org\/2000\/svg\"><path d=\"M31.7 239l136-136c9.4-9.4 24.6-9.4 33.9 0l22.6 22.6c9.4 9.4 9.4 24.6 0 33.9L127.9 256l96.4 96.4c9.4 9.4 9.4 24.6 0 33.9L201.7 409c-9.4 9.4-24.6 9.4-33.9 0l-136-136c-9.5-9.4-9.5-24.6-.1-34z\"><\/path><\/svg>\t\t\t\t<\/a>\n\t\t\t<\/div>\n\t\t\t\n\t\t\t\t\t\t<div class=\"elementor-icon-box-content\">\n\n\t\t\t\t\t\t\t\t\t<p class=\"elementor-icon-box-title\">\n\t\t\t\t\t\t<a href=\"\/en\/blog\/\" >\n\t\t\t\t\t\t\tAll articles\t\t\t\t\t\t<\/a>\n\t\t\t\t\t<\/p>\n\t\t\t\t\n\t\t\t\t\n\t\t\t<\/div>\n\t\t\t\n\t\t<\/div>\n\t\t\t\t\t\t<\/div>\n\t\t\t\t\t<\/div>\n\t\t<\/div>\n\t\t\t\t\t<\/div>\n\t\t<\/section>\n\t\t\t\t\t<\/div>\n\t\t<\/div>\n\t\t\t\t\t<\/div>\n\t\t<\/section>\n\t\t\t\t<\/div>","protected":false},"excerpt":{"rendered":"<p>Hace un tiempo conoc\u00ed a un lector de Arica, Chile, que siempre bromeaba. \u00abEl pisco no es del Per\u00fa\u00bb dec\u00eda, para luego soltar una carcajada. Despu\u00e9s ofrec\u00eda disculpas y me contaba sobre el cari\u00f1o que le ten\u00eda a Tacna. [\u2026]<\/p>\n","protected":false},"author":3,"featured_media":4486,"comment_status":"closed","ping_status":"closed","sticky":false,"template":"","format":"standard","meta":{"_jetpack_memberships_contains_paid_content":false,"footnotes":""},"categories":[7],"tags":[64,39,103,75,17,41,102],"class_list":["post-4453","post","type-post","status-publish","format-standard","has-post-thumbnail","hentry","category-pisco","tag-capitan","tag-chilcanodepisco","tag-perulovers","tag-pisco-peru","tag-piscosour","tag-piscotonic","tag-tacnaregionpisquera"],"yoast_head":"<!-- This site is optimized with the Yoast SEO plugin v27.0 - https:\/\/yoast.com\/product\/yoast-seo-wordpress\/ -->\n<title>Tacna: regi\u00f3n pisquera - Livio Pastorino<\/title>\n<meta name=\"description\" content=\"Hace un tiempo conoc\u00ed a un lector de Arica, Chile, que siempre bromeaba. \u00abEl pisco no es del Per\u00fa\u00bb dec\u00eda, para luego soltar una carcajada. Despu\u00e9s ofrec\u00eda disculpas y me contaba sobre el cari\u00f1o que le ten\u00eda a Tacna. [\u2026]\" \/>\n<meta name=\"robots\" content=\"index, follow, max-snippet:-1, max-image-preview:large, max-video-preview:-1\" \/>\n<link rel=\"canonical\" href=\"https:\/\/liviopastorino.com\/en\/tacna-region-pisquera\/\" \/>\n<meta property=\"og:locale\" content=\"en_GB\" \/>\n<meta property=\"og:type\" content=\"article\" \/>\n<meta property=\"og:title\" content=\"Tacna: regi\u00f3n pisquera - Livio Pastorino\" \/>\n<meta property=\"og:description\" content=\"Hace un tiempo conoc\u00ed a un lector de Arica, Chile, que siempre bromeaba. \u00abEl pisco no es del Per\u00fa\u00bb dec\u00eda, para luego soltar una carcajada. Despu\u00e9s ofrec\u00eda disculpas y me contaba sobre el cari\u00f1o que le ten\u00eda a Tacna. [\u2026]\" \/>\n<meta property=\"og:url\" content=\"https:\/\/liviopastorino.com\/en\/tacna-region-pisquera\/\" \/>\n<meta property=\"og:site_name\" content=\"Livio Pastorino\" \/>\n<meta property=\"article:published_time\" content=\"2024-02-03T13:33:59+00:00\" \/>\n<meta property=\"article:modified_time\" content=\"2024-02-26T13:54:33+00:00\" \/>\n<meta property=\"og:image\" content=\"https:\/\/liviopastorino.com\/wp-content\/uploads\/2024\/02\/tacna-2012.jpg\" \/>\n\t<meta property=\"og:image:width\" content=\"800\" \/>\n\t<meta property=\"og:image:height\" content=\"599\" \/>\n\t<meta property=\"og:image:type\" content=\"image\/jpeg\" \/>\n<meta name=\"author\" content=\"Livio Pastorino Wagner\" \/>\n<meta name=\"twitter:card\" content=\"summary_large_image\" \/>\n<meta name=\"twitter:label1\" content=\"Written by\" \/>\n\t<meta name=\"twitter:data1\" content=\"Livio Pastorino Wagner\" \/>\n\t<meta name=\"twitter:label2\" content=\"Estimated reading time\" \/>\n\t<meta name=\"twitter:data2\" content=\"3 minutes\" \/>\n<script type=\"application\/ld+json\" class=\"yoast-schema-graph\">{\"@context\":\"https:\/\/schema.org\",\"@graph\":[{\"@type\":\"Article\",\"@id\":\"https:\/\/liviopastorino.com\/tacna-region-pisquera\/#article\",\"isPartOf\":{\"@id\":\"https:\/\/liviopastorino.com\/tacna-region-pisquera\/\"},\"author\":{\"name\":\"Livio Pastorino Wagner\",\"@id\":\"https:\/\/liviopastorino.com\/#\/schema\/person\/140fa8f0f6366b41a0e5494e51f4b6f5\"},\"headline\":\"Tacna: regi\u00f3n pisquera\",\"datePublished\":\"2024-02-03T13:33:59+00:00\",\"dateModified\":\"2024-02-26T13:54:33+00:00\",\"mainEntityOfPage\":{\"@id\":\"https:\/\/liviopastorino.com\/tacna-region-pisquera\/\"},\"wordCount\":681,\"publisher\":{\"@id\":\"https:\/\/liviopastorino.com\/#\/schema\/person\/140fa8f0f6366b41a0e5494e51f4b6f5\"},\"image\":{\"@id\":\"https:\/\/liviopastorino.com\/tacna-region-pisquera\/#primaryimage\"},\"thumbnailUrl\":\"https:\/\/i0.wp.com\/liviopastorino.com\/wp-content\/uploads\/2024\/02\/tacna-2012.jpg?fit=800%2C599&ssl=1\",\"keywords\":[\"capitan\",\"chilcanodepisco\",\"perulovers\",\"pisco peru\",\"piscosour\",\"piscotonic\",\"Tacnaregi\u00f3npisquera\"],\"articleSection\":[\"Pisco\"],\"inLanguage\":\"en-GB\"},{\"@type\":\"WebPage\",\"@id\":\"https:\/\/liviopastorino.com\/tacna-region-pisquera\/\",\"url\":\"https:\/\/liviopastorino.com\/tacna-region-pisquera\/\",\"name\":\"Tacna: regi\u00f3n pisquera - Livio Pastorino\",\"isPartOf\":{\"@id\":\"https:\/\/liviopastorino.com\/#website\"},\"primaryImageOfPage\":{\"@id\":\"https:\/\/liviopastorino.com\/tacna-region-pisquera\/#primaryimage\"},\"image\":{\"@id\":\"https:\/\/liviopastorino.com\/tacna-region-pisquera\/#primaryimage\"},\"thumbnailUrl\":\"https:\/\/i0.wp.com\/liviopastorino.com\/wp-content\/uploads\/2024\/02\/tacna-2012.jpg?fit=800%2C599&ssl=1\",\"datePublished\":\"2024-02-03T13:33:59+00:00\",\"dateModified\":\"2024-02-26T13:54:33+00:00\",\"description\":\"Hace un tiempo conoc\u00ed a un lector de Arica, Chile, que siempre bromeaba. \u00abEl pisco no es del Per\u00fa\u00bb dec\u00eda, para luego soltar una carcajada. Despu\u00e9s ofrec\u00eda disculpas y me contaba sobre el cari\u00f1o que le ten\u00eda a Tacna. [\u2026]\",\"breadcrumb\":{\"@id\":\"https:\/\/liviopastorino.com\/tacna-region-pisquera\/#breadcrumb\"},\"inLanguage\":\"en-GB\",\"potentialAction\":[{\"@type\":\"ReadAction\",\"target\":[\"https:\/\/liviopastorino.com\/tacna-region-pisquera\/\"]}]},{\"@type\":\"ImageObject\",\"inLanguage\":\"en-GB\",\"@id\":\"https:\/\/liviopastorino.com\/tacna-region-pisquera\/#primaryimage\",\"url\":\"https:\/\/i0.wp.com\/liviopastorino.com\/wp-content\/uploads\/2024\/02\/tacna-2012.jpg?fit=800%2C599&ssl=1\",\"contentUrl\":\"https:\/\/i0.wp.com\/liviopastorino.com\/wp-content\/uploads\/2024\/02\/tacna-2012.jpg?fit=800%2C599&ssl=1\",\"width\":800,\"height\":599},{\"@type\":\"BreadcrumbList\",\"@id\":\"https:\/\/liviopastorino.com\/tacna-region-pisquera\/#breadcrumb\",\"itemListElement\":[{\"@type\":\"ListItem\",\"position\":1,\"name\":\"Portada\",\"item\":\"https:\/\/liviopastorino.com\/\"},{\"@type\":\"ListItem\",\"position\":2,\"name\":\"Tacna: regi\u00f3n pisquera\"}]},{\"@type\":\"WebSite\",\"@id\":\"https:\/\/liviopastorino.com\/#website\",\"url\":\"https:\/\/liviopastorino.com\/\",\"name\":\"Cursos de cata - Formaci\u00f3n - Charlas - Pisco - liviopastorino.com\",\"description\":\"Livio Pastorino sommelier, especialista y catador de Pisco ofrece cursos de cata, formaci\u00f3n y charlas, cata de muestras, destilados, espirituosos, vodka,  licores, vino, whisky etc. Con mas de 20 a\u00f1os de experiencia ofrece sus servicios en Madrid Espa\u00f1a, Europa, Asia, EEUU y Latinoamerica.\",\"publisher\":{\"@id\":\"https:\/\/liviopastorino.com\/#\/schema\/person\/140fa8f0f6366b41a0e5494e51f4b6f5\"},\"potentialAction\":[{\"@type\":\"SearchAction\",\"target\":{\"@type\":\"EntryPoint\",\"urlTemplate\":\"https:\/\/liviopastorino.com\/?s={search_term_string}\"},\"query-input\":{\"@type\":\"PropertyValueSpecification\",\"valueRequired\":true,\"valueName\":\"search_term_string\"}}],\"inLanguage\":\"en-GB\"},{\"@type\":[\"Person\",\"Organization\"],\"@id\":\"https:\/\/liviopastorino.com\/#\/schema\/person\/140fa8f0f6366b41a0e5494e51f4b6f5\",\"name\":\"Livio Pastorino Wagner\",\"image\":{\"@type\":\"ImageObject\",\"inLanguage\":\"en-GB\",\"@id\":\"https:\/\/liviopastorino.com\/#\/schema\/person\/image\/\",\"url\":\"https:\/\/i0.wp.com\/liviopastorino.com\/wp-content\/uploads\/2023\/06\/Livio-Pastorino-Sommelier-Especialista-Catador-de-Pisco.png?fit=544%2C595&ssl=1\",\"contentUrl\":\"https:\/\/i0.wp.com\/liviopastorino.com\/wp-content\/uploads\/2023\/06\/Livio-Pastorino-Sommelier-Especialista-Catador-de-Pisco.png?fit=544%2C595&ssl=1\",\"width\":544,\"height\":595,\"caption\":\"Livio Pastorino Wagner\"},\"logo\":{\"@id\":\"https:\/\/liviopastorino.com\/#\/schema\/person\/image\/\"},\"sameAs\":[\"https:\/\/liviopastorino.com\/\"],\"url\":\"https:\/\/liviopastorino.com\/en\/author\/livio\/\"}]}<\/script>\n<!-- \/ Yoast SEO plugin. -->","yoast_head_json":{"title":"Tacna: regi\u00f3n pisquera - Livio Pastorino","description":"Hace un tiempo conoc\u00ed a un lector de Arica, Chile, que siempre bromeaba. \u00abEl pisco no es del Per\u00fa\u00bb dec\u00eda, para luego soltar una carcajada. Despu\u00e9s ofrec\u00eda disculpas y me contaba sobre el cari\u00f1o que le ten\u00eda a Tacna. [\u2026]","robots":{"index":"index","follow":"follow","max-snippet":"max-snippet:-1","max-image-preview":"max-image-preview:large","max-video-preview":"max-video-preview:-1"},"canonical":"https:\/\/liviopastorino.com\/en\/tacna-region-pisquera\/","og_locale":"en_GB","og_type":"article","og_title":"Tacna: regi\u00f3n pisquera - Livio Pastorino","og_description":"Hace un tiempo conoc\u00ed a un lector de Arica, Chile, que siempre bromeaba. \u00abEl pisco no es del Per\u00fa\u00bb dec\u00eda, para luego soltar una carcajada. Despu\u00e9s ofrec\u00eda disculpas y me contaba sobre el cari\u00f1o que le ten\u00eda a Tacna. [\u2026]","og_url":"https:\/\/liviopastorino.com\/en\/tacna-region-pisquera\/","og_site_name":"Livio Pastorino","article_published_time":"2024-02-03T13:33:59+00:00","article_modified_time":"2024-02-26T13:54:33+00:00","og_image":[{"width":800,"height":599,"url":"https:\/\/liviopastorino.com\/wp-content\/uploads\/2024\/02\/tacna-2012.jpg","type":"image\/jpeg"}],"author":"Livio Pastorino Wagner","twitter_card":"summary_large_image","twitter_misc":{"Written by":"Livio Pastorino Wagner","Estimated reading time":"3 minutes"},"schema":{"@context":"https:\/\/schema.org","@graph":[{"@type":"Article","@id":"https:\/\/liviopastorino.com\/tacna-region-pisquera\/#article","isPartOf":{"@id":"https:\/\/liviopastorino.com\/tacna-region-pisquera\/"},"author":{"name":"Livio Pastorino Wagner","@id":"https:\/\/liviopastorino.com\/#\/schema\/person\/140fa8f0f6366b41a0e5494e51f4b6f5"},"headline":"Tacna: regi\u00f3n pisquera","datePublished":"2024-02-03T13:33:59+00:00","dateModified":"2024-02-26T13:54:33+00:00","mainEntityOfPage":{"@id":"https:\/\/liviopastorino.com\/tacna-region-pisquera\/"},"wordCount":681,"publisher":{"@id":"https:\/\/liviopastorino.com\/#\/schema\/person\/140fa8f0f6366b41a0e5494e51f4b6f5"},"image":{"@id":"https:\/\/liviopastorino.com\/tacna-region-pisquera\/#primaryimage"},"thumbnailUrl":"https:\/\/i0.wp.com\/liviopastorino.com\/wp-content\/uploads\/2024\/02\/tacna-2012.jpg?fit=800%2C599&ssl=1","keywords":["capitan","chilcanodepisco","perulovers","pisco peru","piscosour","piscotonic","Tacnaregi\u00f3npisquera"],"articleSection":["Pisco"],"inLanguage":"en-GB"},{"@type":"WebPage","@id":"https:\/\/liviopastorino.com\/tacna-region-pisquera\/","url":"https:\/\/liviopastorino.com\/tacna-region-pisquera\/","name":"Tacna: regi\u00f3n pisquera - Livio Pastorino","isPartOf":{"@id":"https:\/\/liviopastorino.com\/#website"},"primaryImageOfPage":{"@id":"https:\/\/liviopastorino.com\/tacna-region-pisquera\/#primaryimage"},"image":{"@id":"https:\/\/liviopastorino.com\/tacna-region-pisquera\/#primaryimage"},"thumbnailUrl":"https:\/\/i0.wp.com\/liviopastorino.com\/wp-content\/uploads\/2024\/02\/tacna-2012.jpg?fit=800%2C599&ssl=1","datePublished":"2024-02-03T13:33:59+00:00","dateModified":"2024-02-26T13:54:33+00:00","description":"Hace un tiempo conoc\u00ed a un lector de Arica, Chile, que siempre bromeaba. \u00abEl pisco no es del Per\u00fa\u00bb dec\u00eda, para luego soltar una carcajada. Despu\u00e9s ofrec\u00eda disculpas y me contaba sobre el cari\u00f1o que le ten\u00eda a Tacna. [\u2026]","breadcrumb":{"@id":"https:\/\/liviopastorino.com\/tacna-region-pisquera\/#breadcrumb"},"inLanguage":"en-GB","potentialAction":[{"@type":"ReadAction","target":["https:\/\/liviopastorino.com\/tacna-region-pisquera\/"]}]},{"@type":"ImageObject","inLanguage":"en-GB","@id":"https:\/\/liviopastorino.com\/tacna-region-pisquera\/#primaryimage","url":"https:\/\/i0.wp.com\/liviopastorino.com\/wp-content\/uploads\/2024\/02\/tacna-2012.jpg?fit=800%2C599&ssl=1","contentUrl":"https:\/\/i0.wp.com\/liviopastorino.com\/wp-content\/uploads\/2024\/02\/tacna-2012.jpg?fit=800%2C599&ssl=1","width":800,"height":599},{"@type":"BreadcrumbList","@id":"https:\/\/liviopastorino.com\/tacna-region-pisquera\/#breadcrumb","itemListElement":[{"@type":"ListItem","position":1,"name":"Portada","item":"https:\/\/liviopastorino.com\/"},{"@type":"ListItem","position":2,"name":"Tacna: regi\u00f3n pisquera"}]},{"@type":"WebSite","@id":"https:\/\/liviopastorino.com\/#website","url":"https:\/\/liviopastorino.com\/","name":"Cursos de cata - Formaci\u00f3n - Charlas - Pisco - liviopastorino.com","description":"Livio Pastorino sommelier, especialista y catador de Pisco ofrece cursos de cata, formaci\u00f3n y charlas, cata de muestras, destilados, espirituosos, vodka,  licores, vino, whisky etc. Con mas de 20 a\u00f1os de experiencia ofrece sus servicios en Madrid Espa\u00f1a, Europa, Asia, EEUU y Latinoamerica.","publisher":{"@id":"https:\/\/liviopastorino.com\/#\/schema\/person\/140fa8f0f6366b41a0e5494e51f4b6f5"},"potentialAction":[{"@type":"SearchAction","target":{"@type":"EntryPoint","urlTemplate":"https:\/\/liviopastorino.com\/?s={search_term_string}"},"query-input":{"@type":"PropertyValueSpecification","valueRequired":true,"valueName":"search_term_string"}}],"inLanguage":"en-GB"},{"@type":["Person","Organization"],"@id":"https:\/\/liviopastorino.com\/#\/schema\/person\/140fa8f0f6366b41a0e5494e51f4b6f5","name":"Livio Pastorino Wagner","image":{"@type":"ImageObject","inLanguage":"en-GB","@id":"https:\/\/liviopastorino.com\/#\/schema\/person\/image\/","url":"https:\/\/i0.wp.com\/liviopastorino.com\/wp-content\/uploads\/2023\/06\/Livio-Pastorino-Sommelier-Especialista-Catador-de-Pisco.png?fit=544%2C595&ssl=1","contentUrl":"https:\/\/i0.wp.com\/liviopastorino.com\/wp-content\/uploads\/2023\/06\/Livio-Pastorino-Sommelier-Especialista-Catador-de-Pisco.png?fit=544%2C595&ssl=1","width":544,"height":595,"caption":"Livio Pastorino Wagner"},"logo":{"@id":"https:\/\/liviopastorino.com\/#\/schema\/person\/image\/"},"sameAs":["https:\/\/liviopastorino.com\/"],"url":"https:\/\/liviopastorino.com\/en\/author\/livio\/"}]}},"jetpack_featured_media_url":"https:\/\/i0.wp.com\/liviopastorino.com\/wp-content\/uploads\/2024\/02\/tacna-2012.jpg?fit=800%2C599&ssl=1","jetpack-related-posts":[{"id":3059,"url":"https:\/\/liviopastorino.com\/en\/algo-sobre-nuestras-uvas-y-regiones-pisqueras\/","url_meta":{"origin":4453,"position":0},"title":"something about our grapes and Pisco producing regions","author":"Livio Pastorino Wagner","date":"January 14, 2024","format":false,"excerpt":"Ya sabemos que nuestro Pisco de acuerdo al Reglamento vigente de la Denominaci\u00f3n de Origen Pisco, solo se puede elaborar en: Tacna, Moquegua, Arequipa, Ica y Lima, asimismo nuestras 8 uvas pisqueras son: quebranta, mollar, negra criolla, uvina, italia, torontel, moscatel y albilla [\u2026]","rel":"","context":"In &quot;Pisco&quot;","block_context":{"text":"Pisco","link":"https:\/\/liviopastorino.com\/en\/category\/pisco\/"},"img":{"alt_text":"","src":"https:\/\/i0.wp.com\/liviopastorino.com\/wp-content\/uploads\/2024\/01\/P2020715-Grande.jpg?fit=1200%2C900&ssl=1&resize=350%2C200","width":350,"height":200,"srcset":"https:\/\/i0.wp.com\/liviopastorino.com\/wp-content\/uploads\/2024\/01\/P2020715-Grande.jpg?fit=1200%2C900&ssl=1&resize=350%2C200 1x, https:\/\/i0.wp.com\/liviopastorino.com\/wp-content\/uploads\/2024\/01\/P2020715-Grande.jpg?fit=1200%2C900&ssl=1&resize=525%2C300 1.5x, https:\/\/i0.wp.com\/liviopastorino.com\/wp-content\/uploads\/2024\/01\/P2020715-Grande.jpg?fit=1200%2C900&ssl=1&resize=700%2C400 2x, https:\/\/i0.wp.com\/liviopastorino.com\/wp-content\/uploads\/2024\/01\/P2020715-Grande.jpg?fit=1200%2C900&ssl=1&resize=1050%2C600 3x"},"classes":[]},{"id":4125,"url":"https:\/\/liviopastorino.com\/en\/dos-espirituosos-diferentes\/","url_meta":{"origin":4453,"position":1},"title":"Two different spirits","author":"Livio Pastorino Wagner","date":"January 29, 2024","format":false,"excerpt":"Varias veces me han preguntado cu\u00e1l es la diferencia entre el pisco y el destilado que elaboran en Chile. No voy a discutir sobre la peruanidad del pisco, pues para m\u00ed eso es un asunto concluido. [\u2026]","rel":"","context":"In &quot;Pisco&quot;","block_context":{"text":"Pisco","link":"https:\/\/liviopastorino.com\/en\/category\/pisco\/"},"img":{"alt_text":"","src":"https:\/\/i0.wp.com\/liviopastorino.com\/wp-content\/uploads\/2024\/01\/P1010266-Mobile.jpg?fit=320%2C239&ssl=1&resize=350%2C200","width":350,"height":200},"classes":[]},{"id":5147,"url":"https:\/\/liviopastorino.com\/en\/regiones-pisqueras\/","url_meta":{"origin":4453,"position":2},"title":"Pisco Regions","author":"Livio Pastorino Wagner","date":"February 13, 2024","format":false,"excerpt":"Todos sabemos que nuestro pisco est\u00e1 comprendido dentro de una Denominaci\u00f3n de Origen, la misma que se circunscribe a 5 regiones costeras del Per\u00fa: Lima, Tacna, Arequipa, Moquegua e Ica. De 0 a 2000 metros sobre el nivel del mar, [\u2026]","rel":"","context":"In &quot;Pisco&quot;","block_context":{"text":"Pisco","link":"https:\/\/liviopastorino.com\/en\/category\/pisco\/"},"img":{"alt_text":"","src":"https:\/\/i0.wp.com\/liviopastorino.com\/wp-content\/uploads\/2024\/02\/PA150295-Grande.jpg?fit=1200%2C900&ssl=1&resize=350%2C200","width":350,"height":200,"srcset":"https:\/\/i0.wp.com\/liviopastorino.com\/wp-content\/uploads\/2024\/02\/PA150295-Grande.jpg?fit=1200%2C900&ssl=1&resize=350%2C200 1x, https:\/\/i0.wp.com\/liviopastorino.com\/wp-content\/uploads\/2024\/02\/PA150295-Grande.jpg?fit=1200%2C900&ssl=1&resize=525%2C300 1.5x, https:\/\/i0.wp.com\/liviopastorino.com\/wp-content\/uploads\/2024\/02\/PA150295-Grande.jpg?fit=1200%2C900&ssl=1&resize=700%2C400 2x, https:\/\/i0.wp.com\/liviopastorino.com\/wp-content\/uploads\/2024\/02\/PA150295-Grande.jpg?fit=1200%2C900&ssl=1&resize=1050%2C600 3x"},"classes":[]},{"id":1976,"url":"https:\/\/liviopastorino.com\/en\/pisco-aguardiente-destilado-espirituoso-agua-de-vida\/","url_meta":{"origin":4453,"position":3},"title":"Pisco, brandy, distilled, spirit, liquor, water of life, waterfire, firewater, eau de vie.","author":"Livio Pastorino Wagner","date":"December 27, 2023","format":false,"excerpt":"A prop\u00f3sito de todo este tema de los aguardientes, destilados, espirituosos, piscos, etc. que se exportan a Chile, mucho se dice, lo cierto es que hace muchos a\u00f1os que ocurre esto, adem\u00e1s constituye nuestro m\u00e1s importante comprador en el mundo y el m\u00e1s grande consumidor de pisco. [\u2026]","rel":"","context":"In &quot;Pisco&quot;","block_context":{"text":"Pisco","link":"https:\/\/liviopastorino.com\/en\/category\/pisco\/"},"img":{"alt_text":"","src":"https:\/\/i0.wp.com\/liviopastorino.com\/wp-content\/uploads\/2023\/12\/172595338_10159002760844344_1116335517163398812_n.jpg?fit=526%2C701&ssl=1&resize=350%2C200","width":350,"height":200,"srcset":"https:\/\/i0.wp.com\/liviopastorino.com\/wp-content\/uploads\/2023\/12\/172595338_10159002760844344_1116335517163398812_n.jpg?fit=526%2C701&ssl=1&resize=350%2C200 1x, https:\/\/i0.wp.com\/liviopastorino.com\/wp-content\/uploads\/2023\/12\/172595338_10159002760844344_1116335517163398812_n.jpg?fit=526%2C701&ssl=1&resize=525%2C300 1.5x"},"classes":[]},{"id":6684,"url":"https:\/\/liviopastorino.com\/en\/concursos-internacionales-vs-estandares-peruanos\/","url_meta":{"origin":4453,"position":4},"title":"International Competitions vs. Peruvian Standards?","author":"Livio Pastorino Wagner","date":"March 12, 2025","format":false,"excerpt":"En una conversaci\u00f3n con el recordado Ing. Francisco Cutip\u00e9 Angulo Vargas, uno de los catadores m\u00e1s experimentados, durante un descanso en la cata del Concurso Nacional de Pisco del 2009, me pregunt\u00f3: \u00bfC\u00f3mo hacen esos Piscos que ganan medallas en el extranjero? [\u2026]","rel":"","context":"In &quot;Concursos de Pisco&quot;","block_context":{"text":"Concursos de Pisco","link":"https:\/\/liviopastorino.com\/en\/category\/concursos-de-pisco\/"},"img":{"alt_text":"","src":"https:\/\/i0.wp.com\/liviopastorino.com\/wp-content\/uploads\/2025\/03\/P2020821-Medium.jpg?fit=768%2C1024&ssl=1&resize=350%2C200","width":350,"height":200,"srcset":"https:\/\/i0.wp.com\/liviopastorino.com\/wp-content\/uploads\/2025\/03\/P2020821-Medium.jpg?fit=768%2C1024&ssl=1&resize=350%2C200 1x, https:\/\/i0.wp.com\/liviopastorino.com\/wp-content\/uploads\/2025\/03\/P2020821-Medium.jpg?fit=768%2C1024&ssl=1&resize=525%2C300 1.5x, https:\/\/i0.wp.com\/liviopastorino.com\/wp-content\/uploads\/2025\/03\/P2020821-Medium.jpg?fit=768%2C1024&ssl=1&resize=700%2C400 2x"},"classes":[]},{"id":5274,"url":"https:\/\/liviopastorino.com\/en\/algo-sobre-la-d-o-pisco\/","url_meta":{"origin":4453,"position":5},"title":"Something about the D.O. Pisco","author":"Livio Pastorino Wagner","date":"February 15, 2024","format":false,"excerpt":"Conversando con amigos, me preguntaban sobre la Denominaci\u00f3n de Origen Pisco y les record\u00e9 la definici\u00f3n de Denominaci\u00f3n de Origen (D.O.): [\u2026]","rel":"","context":"In &quot;Pisco&quot;","block_context":{"text":"Pisco","link":"https:\/\/liviopastorino.com\/en\/category\/pisco\/"},"img":{"alt_text":"","src":"https:\/\/i0.wp.com\/liviopastorino.com\/wp-content\/uploads\/2024\/02\/Imagen41.jpg?fit=450%2C601&ssl=1&resize=350%2C200","width":350,"height":200},"classes":[]}],"jetpack_sharing_enabled":true,"_links":{"self":[{"href":"https:\/\/liviopastorino.com\/en\/wp-json\/wp\/v2\/posts\/4453","targetHints":{"allow":["GET"]}}],"collection":[{"href":"https:\/\/liviopastorino.com\/en\/wp-json\/wp\/v2\/posts"}],"about":[{"href":"https:\/\/liviopastorino.com\/en\/wp-json\/wp\/v2\/types\/post"}],"author":[{"embeddable":true,"href":"https:\/\/liviopastorino.com\/en\/wp-json\/wp\/v2\/users\/3"}],"replies":[{"embeddable":true,"href":"https:\/\/liviopastorino.com\/en\/wp-json\/wp\/v2\/comments?post=4453"}],"version-history":[{"count":41,"href":"https:\/\/liviopastorino.com\/en\/wp-json\/wp\/v2\/posts\/4453\/revisions"}],"predecessor-version":[{"id":4508,"href":"https:\/\/liviopastorino.com\/en\/wp-json\/wp\/v2\/posts\/4453\/revisions\/4508"}],"wp:featuredmedia":[{"embeddable":true,"href":"https:\/\/liviopastorino.com\/en\/wp-json\/wp\/v2\/media\/4486"}],"wp:attachment":[{"href":"https:\/\/liviopastorino.com\/en\/wp-json\/wp\/v2\/media?parent=4453"}],"wp:term":[{"taxonomy":"category","embeddable":true,"href":"https:\/\/liviopastorino.com\/en\/wp-json\/wp\/v2\/categories?post=4453"},{"taxonomy":"post_tag","embeddable":true,"href":"https:\/\/liviopastorino.com\/en\/wp-json\/wp\/v2\/tags?post=4453"}],"curies":[{"name":"wp","href":"https:\/\/api.w.org\/{rel}","templated":true}]}}